{"id":273,"date":"2020-11-30T14:04:22","date_gmt":"2020-11-30T13:04:22","guid":{"rendered":"https:\/\/www.caminodesantiago.sk\/eslovaquia-se-incorporo-oficialmente-al-camino-de-santiago\/"},"modified":"2020-11-30T14:04:22","modified_gmt":"2020-11-30T13:04:22","slug":"eslovaquia-se-incorporo-oficialmente-al-camino-de-santiago","status":"publish","type":"post","link":"https:\/\/www.caminodesantiago.sk\/es\/eslovaquia-se-incorporo-oficialmente-al-camino-de-santiago\/","title":{"rendered":"Eslovaquia se incorpor\u00f3 oficialmente al Camino de Santiago"},"content":{"rendered":"<p>El d\u00eda de 25 de julio el mundo cristiano cat\u00f3lico celebra la fiesta de San Jacobo, Iago, o Santiago el Mayor, que fue uno de los ap\u00f3stoles m\u00e1s destacados de Jes\u00fas de Nazaret y el primero de ellos en morir martirizado.\u200b Coincidiendo con la celebraci\u00f3n el pasado jueves de esta fiesta, Eslovaquia fue incorporada al Camino de Santiago o Ruta Jacobea que atraviesa ya casi toda Europa. A este acto solemne asisti\u00f3 tambi\u00e9n el embajador del Reino de Espa\u00f1a en Bratislava, su excelencia Luis Belzuz de los R\u00edos.<\/p><div class=\"wp-block-buttons is-layout-flex wp-block-buttons-is-layout-flex\"><div class=\"wp-block-button\"><a class=\"wp-block-button__link\" href=\"https:\/\/esrsi.rtvs.sk\/clanky\/turismo\/202005\/eslovaquia-se-incorporo-oficialmente-al-camino-de-santiago\" target=\"_blank\" rel=\"noreferrer noopener\">Lee m\u00e1s en RTVS.sk<\/a><\/div><\/div>","protected":false},"excerpt":{"rendered":"<p>El d\u00eda de 25 de julio el mundo cristiano cat\u00f3lico celebra la fiesta de San Jacobo, Iago, o Santiago el Mayor, que fue uno de los ap\u00f3stoles m\u00e1s destacados de Jes\u00fas de Nazaret y el primero de ellos en morir martirizado.\u200b Coincidiendo con la celebraci\u00f3n el pasado jueves de esta fiesta, Eslovaquia fue incorporada al [&hellip;]<\/p>\n","protected":false},"author":1,"featured_media":0,"comment_status":"closed","ping_status":"closed","sticky":false,"template":"","format":"standard","meta":{"_acf_changed":false,"_jetpack_memberships_contains_paid_content":false,"footnotes":""},"categories":[4],"tags":[],"class_list":["post-273","post","type-post","status-publish","format-standard","hentry","category-camino-novedades"],"acf":[],"jetpack_featured_media_url":"","jetpack_sharing_enabled":true,"_links":{"self":[{"href":"https:\/\/www.caminodesantiago.sk\/es\/wp-json\/wp\/v2\/posts\/273","targetHints":{"allow":["GET"]}}],"collection":[{"href":"https:\/\/www.caminodesantiago.sk\/es\/wp-json\/wp\/v2\/posts"}],"about":[{"href":"https:\/\/www.caminodesantiago.sk\/es\/wp-json\/wp\/v2\/types\/post"}],"author":[{"embeddable":true,"href":"https:\/\/www.caminodesantiago.sk\/es\/wp-json\/wp\/v2\/users\/1"}],"replies":[{"embeddable":true,"href":"https:\/\/www.caminodesantiago.sk\/es\/wp-json\/wp\/v2\/comments?post=273"}],"version-history":[{"count":0,"href":"https:\/\/www.caminodesantiago.sk\/es\/wp-json\/wp\/v2\/posts\/273\/revisions"}],"wp:attachment":[{"href":"https:\/\/www.caminodesantiago.sk\/es\/wp-json\/wp\/v2\/media?parent=273"}],"wp:term":[{"taxonomy":"category","embeddable":true,"href":"https:\/\/www.caminodesantiago.sk\/es\/wp-json\/wp\/v2\/categories?post=273"},{"taxonomy":"post_tag","embeddable":true,"href":"https:\/\/www.caminodesantiago.sk\/es\/wp-json\/wp\/v2\/tags?post=273"}],"curies":[{"name":"wp","href":"https:\/\/api.w.org\/{rel}","templated":true}]}}